{"id":1626,"date":"2025-03-28T08:45:19","date_gmt":"2025-03-28T07:45:19","guid":{"rendered":"https:\/\/www.feuerwehr-rederzhausen.de\/?p=1626"},"modified":"2025-03-28T08:45:20","modified_gmt":"2025-03-28T07:45:20","slug":"jahreshauptversammlung-2025","status":"publish","type":"post","link":"https:\/\/www.feuerwehr-rederzhausen.de\/index.php\/2025\/03\/28\/jahreshauptversammlung-2025\/","title":{"rendered":"Jahreshauptversammlung 2025"},"content":{"rendered":"\n<p>Bei der Jahreshauptversammlung der Freiwilligen Feuerwehr Rederzhausen am 21. M\u00e4rz gab es wieder viel zu berichten aus dem vergangenem Jahr. Vorstand Gerhard Walz berichtete \u00fcber die verschiedenen Ereignisse des Vereinslebens im vergangenen Jahr. Egal ob Fr\u00fchschoppen oder Fahnenweihe in Stammheim, es war immer etwas los im Rederzhauser Vereinsleben.<br>\u00dcber die Ereignisse der aktiven Wehr berichtete Kommandant Christopher Becker: Das regul\u00e4re \u00dcbungssoll wurde erf\u00fcllt und es fanden zus\u00e4tzliche \u00dcbungen f\u00fcr Atemschutzger\u00e4te-Tr\u00e4ger, Maschinisten und Gruppenf\u00fchrer statt. Einsatz-technisch war 2024 vor allem vom schwerem Hochwasser und dem damit verbundenen Katastrophenfall bestimmt. Besonders stolz ist er auf seine 18 aktiven Atemschutzger\u00e4te-Tr\u00e4ger.<br><br>Als Ehreng\u00e4ste konnten Stadtrat Paul Trinkl, die beiden Feuerwehrpfleger Manfred Losinger und Richard Scharold sowie Kreisbrandmeister Anton Steinhart begr\u00fc\u00dft werden. <br><\/p>\n\n\n\n<figure class=\"wp-block-image size-large\"><img loading=\"lazy\" decoding=\"async\" width=\"1024\" height=\"768\" src=\"https:\/\/www.feuerwehr-rederzhausen.de\/wp-content\/uploads\/2025\/03\/20250321_205242-1024x768.jpg\" alt=\"\" class=\"wp-image-1627\" srcset=\"https:\/\/www.feuerwehr-rederzhausen.de\/wp-content\/uploads\/2025\/03\/20250321_205242-1024x768.jpg 1024w, https:\/\/www.feuerwehr-rederzhausen.de\/wp-content\/uploads\/2025\/03\/20250321_205242-300x225.jpg 300w, https:\/\/www.feuerwehr-rederzhausen.de\/wp-content\/uploads\/2025\/03\/20250321_205242-768x576.jpg 768w, https:\/\/www.feuerwehr-rederzhausen.de\/wp-content\/uploads\/2025\/03\/20250321_205242-1536x1152.jpg 1536w, https:\/\/www.feuerwehr-rederzhausen.de\/wp-content\/uploads\/2025\/03\/20250321_205242-2048x1536.jpg 2048w\" sizes=\"auto, (max-width: 1024px) 100vw, 1024px\" \/><\/figure>\n","protected":false},"excerpt":{"rendered":"<p>Bei der Jahreshauptversammlung der Freiwilligen Feuerwehr Rederzhausen am 21. M\u00e4rz gab es wieder viel zu berichten aus dem vergangenem Jahr. Vorstand Gerhard Walz berichtete \u00fcber die verschiedenen Ereignisse des Vereinslebens im vergangenen Jahr. Egal ob Fr\u00fchschoppen oder Fahnenweihe in Stammheim, &hellip; <a href=\"https:\/\/www.feuerwehr-rederzhausen.de\/index.php\/2025\/03\/28\/jahreshauptversammlung-2025\/\">Weiter<\/a><\/p>\n","protected":false},"author":1,"featured_media":1627,"comment_status":"closed","ping_status":"open","sticky":false,"template":"","format":"standard","meta":{"advgb_blocks_editor_width":"","advgb_blocks_columns_visual_guide":"","footnotes":""},"categories":[1,4],"tags":[],"class_list":["post-1626","post","type-post","status-publish","format-standard","has-post-thumbnail","hentry","category-allgemein","category-vereinsleben"],"author_meta":{"display_name":"ffw_admin","author_link":"https:\/\/www.feuerwehr-rederzhausen.de\/index.php\/author\/ffw_admin\/"},"featured_img":"https:\/\/www.feuerwehr-rederzhausen.de\/wp-content\/uploads\/2025\/03\/20250321_205242-300x225.jpg","coauthors":[],"tax_additional":{"categories":{"linked":["<a href=\"https:\/\/www.feuerwehr-rederzhausen.de\/index.php\/category\/allgemein\/\" class=\"advgb-post-tax-term\">Allgemein<\/a>","<a href=\"https:\/\/www.feuerwehr-rederzhausen.de\/index.php\/category\/vereinsleben\/\" class=\"advgb-post-tax-term\">Vereinsleben<\/a>"],"unlinked":["<span class=\"advgb-post-tax-term\">Allgemein<\/span>","<span class=\"advgb-post-tax-term\">Vereinsleben<\/span>"]}},"comment_count":"0","relative_dates":{"created":"Ver\u00f6ffentlicht 1\u00a0Jahr vor","modified":"Aktualisiert 1\u00a0Jahr vor"},"absolute_dates":{"created":"Ver\u00f6ffentlicht am 28. M\u00e4rz 2025","modified":"Aktualisiert am 28. M\u00e4rz 2025"},"absolute_dates_time":{"created":"Ver\u00f6ffentlicht am 28. M\u00e4rz 2025 8:45","modified":"Aktualisiert am 28. M\u00e4rz 2025 8:45"},"featured_img_caption":"","series_order":"","_links":{"self":[{"href":"https:\/\/www.feuerwehr-rederzhausen.de\/index.php\/wp-json\/wp\/v2\/posts\/1626","targetHints":{"allow":["GET"]}}],"collection":[{"href":"https:\/\/www.feuerwehr-rederzhausen.de\/index.php\/wp-json\/wp\/v2\/posts"}],"about":[{"href":"https:\/\/www.feuerwehr-rederzhausen.de\/index.php\/wp-json\/wp\/v2\/types\/post"}],"author":[{"embeddable":true,"href":"https:\/\/www.feuerwehr-rederzhausen.de\/index.php\/wp-json\/wp\/v2\/users\/1"}],"replies":[{"embeddable":true,"href":"https:\/\/www.feuerwehr-rederzhausen.de\/index.php\/wp-json\/wp\/v2\/comments?post=1626"}],"version-history":[{"count":1,"href":"https:\/\/www.feuerwehr-rederzhausen.de\/index.php\/wp-json\/wp\/v2\/posts\/1626\/revisions"}],"predecessor-version":[{"id":1628,"href":"https:\/\/www.feuerwehr-rederzhausen.de\/index.php\/wp-json\/wp\/v2\/posts\/1626\/revisions\/1628"}],"wp:featuredmedia":[{"embeddable":true,"href":"https:\/\/www.feuerwehr-rederzhausen.de\/index.php\/wp-json\/wp\/v2\/media\/1627"}],"wp:attachment":[{"href":"https:\/\/www.feuerwehr-rederzhausen.de\/index.php\/wp-json\/wp\/v2\/media?parent=1626"}],"wp:term":[{"taxonomy":"category","embeddable":true,"href":"https:\/\/www.feuerwehr-rederzhausen.de\/index.php\/wp-json\/wp\/v2\/categories?post=1626"},{"taxonomy":"post_tag","embeddable":true,"href":"https:\/\/www.feuerwehr-rederzhausen.de\/index.php\/wp-json\/wp\/v2\/tags?post=1626"}],"curies":[{"name":"wp","href":"https:\/\/api.w.org\/{rel}","templated":true}]}}