{"id":1587,"date":"2023-02-01T08:28:29","date_gmt":"2023-02-01T07:28:29","guid":{"rendered":"https:\/\/www.feuerwehr-rederzhausen.de\/?p=1587"},"modified":"2023-02-01T08:29:19","modified_gmt":"2023-02-01T07:29:19","slug":"kommandantenwahl","status":"publish","type":"post","link":"https:\/\/www.feuerwehr-rederzhausen.de\/index.php\/2023\/02\/01\/kommandantenwahl\/","title":{"rendered":"Kommandantenwahl"},"content":{"rendered":"\n<p>Die Feuerwehr Rederzhausen hat einen neuen Kommandanten. Bei der turnusm\u00e4\u00dfigen Wahl stellten der bisherige Kommandant Johann Held sowie sein Stellvertreter Marcus Asam ihre \u00c4mter zur Verf\u00fcgung. Beide hatten ihr Amt seit Januar 2011 inne. Bei der Wahl zum ersten Kommandanten wurde der bisherige Ger\u00e4tewart Christopher Becker mit gro\u00dfer Mehrheit gew\u00e4hlt. Der bishereige Kommandant Johann Held stellt sich f\u00fcr den zweiten Kommandanten zur Verf\u00fcgung und wurde ebenso mit gro\u00dfer Mehrheit gew\u00e4hlt. Der stellvertretende B\u00fcrgermeister Richard Scharold und Feuerwehrpfleger Manfred Losinger f\u00fchrten die Wahl durch. Sie bedankten sich f\u00fcr die gute Zusammenarbeit zwischen Stadt und Feuerwehr in den vergangenen 12 Jahren und w\u00fcnschten dem neuen Kommandanten eine gl\u00fcckliche Hand bei allen Aufgaben und Eins\u00e4tzen in der Zukunft.<\/p>\n\n\n\n<figure class=\"wp-block-image size-large\"><img loading=\"lazy\" decoding=\"async\" width=\"1024\" height=\"563\" src=\"https:\/\/www.feuerwehr-rederzhausen.de\/wp-content\/uploads\/2023\/02\/Kommandantenwahl_FF_Rederzhausen_2023-1024x563.jpg\" alt=\"\" class=\"wp-image-1588\" srcset=\"https:\/\/www.feuerwehr-rederzhausen.de\/wp-content\/uploads\/2023\/02\/Kommandantenwahl_FF_Rederzhausen_2023-1024x563.jpg 1024w, https:\/\/www.feuerwehr-rederzhausen.de\/wp-content\/uploads\/2023\/02\/Kommandantenwahl_FF_Rederzhausen_2023-300x165.jpg 300w, https:\/\/www.feuerwehr-rederzhausen.de\/wp-content\/uploads\/2023\/02\/Kommandantenwahl_FF_Rederzhausen_2023-768x422.jpg 768w, https:\/\/www.feuerwehr-rederzhausen.de\/wp-content\/uploads\/2023\/02\/Kommandantenwahl_FF_Rederzhausen_2023-1536x844.jpg 1536w, https:\/\/www.feuerwehr-rederzhausen.de\/wp-content\/uploads\/2023\/02\/Kommandantenwahl_FF_Rederzhausen_2023.jpg 1768w\" sizes=\"auto, (max-width: 1024px) 100vw, 1024px\" \/><\/figure>\n","protected":false},"excerpt":{"rendered":"<p>Die Feuerwehr Rederzhausen hat einen neuen Kommandanten. Bei der turnusm\u00e4\u00dfigen Wahl stellten der bisherige Kommandant Johann Held sowie sein Stellvertreter Marcus Asam ihre \u00c4mter zur Verf\u00fcgung. Beide hatten ihr Amt seit Januar 2011 inne. Bei der Wahl zum ersten Kommandanten &hellip; <a href=\"https:\/\/www.feuerwehr-rederzhausen.de\/index.php\/2023\/02\/01\/kommandantenwahl\/\">Weiter<\/a><\/p>\n","protected":false},"author":2,"featured_media":1588,"comment_status":"closed","ping_status":"open","sticky":false,"template":"","format":"standard","meta":{"advgb_blocks_editor_width":"","advgb_blocks_columns_visual_guide":"","footnotes":""},"categories":[1,4],"tags":[],"class_list":["post-1587","post","type-post","status-publish","format-standard","has-post-thumbnail","hentry","category-allgemein","category-vereinsleben"],"author_meta":{"display_name":"Michael Walz","author_link":"https:\/\/www.feuerwehr-rederzhausen.de\/index.php\/author\/mwalz\/"},"featured_img":"https:\/\/www.feuerwehr-rederzhausen.de\/wp-content\/uploads\/2023\/02\/Kommandantenwahl_FF_Rederzhausen_2023-300x165.jpg","coauthors":[],"tax_additional":{"categories":{"linked":["<a href=\"https:\/\/www.feuerwehr-rederzhausen.de\/index.php\/category\/allgemein\/\" class=\"advgb-post-tax-term\">Allgemein<\/a>","<a href=\"https:\/\/www.feuerwehr-rederzhausen.de\/index.php\/category\/vereinsleben\/\" class=\"advgb-post-tax-term\">Vereinsleben<\/a>"],"unlinked":["<span class=\"advgb-post-tax-term\">Allgemein<\/span>","<span class=\"advgb-post-tax-term\">Vereinsleben<\/span>"]}},"comment_count":"0","relative_dates":{"created":"Ver\u00f6ffentlicht 3\u00a0Jahren vor","modified":"Aktualisiert 3\u00a0Jahren vor"},"absolute_dates":{"created":"Ver\u00f6ffentlicht am 1. Februar 2023","modified":"Aktualisiert am 1. Februar 2023"},"absolute_dates_time":{"created":"Ver\u00f6ffentlicht am 1. Februar 2023 8:28","modified":"Aktualisiert am 1. Februar 2023 8:29"},"featured_img_caption":"","series_order":"","_links":{"self":[{"href":"https:\/\/www.feuerwehr-rederzhausen.de\/index.php\/wp-json\/wp\/v2\/posts\/1587","targetHints":{"allow":["GET"]}}],"collection":[{"href":"https:\/\/www.feuerwehr-rederzhausen.de\/index.php\/wp-json\/wp\/v2\/posts"}],"about":[{"href":"https:\/\/www.feuerwehr-rederzhausen.de\/index.php\/wp-json\/wp\/v2\/types\/post"}],"author":[{"embeddable":true,"href":"https:\/\/www.feuerwehr-rederzhausen.de\/index.php\/wp-json\/wp\/v2\/users\/2"}],"replies":[{"embeddable":true,"href":"https:\/\/www.feuerwehr-rederzhausen.de\/index.php\/wp-json\/wp\/v2\/comments?post=1587"}],"version-history":[{"count":2,"href":"https:\/\/www.feuerwehr-rederzhausen.de\/index.php\/wp-json\/wp\/v2\/posts\/1587\/revisions"}],"predecessor-version":[{"id":1590,"href":"https:\/\/www.feuerwehr-rederzhausen.de\/index.php\/wp-json\/wp\/v2\/posts\/1587\/revisions\/1590"}],"wp:featuredmedia":[{"embeddable":true,"href":"https:\/\/www.feuerwehr-rederzhausen.de\/index.php\/wp-json\/wp\/v2\/media\/1588"}],"wp:attachment":[{"href":"https:\/\/www.feuerwehr-rederzhausen.de\/index.php\/wp-json\/wp\/v2\/media?parent=1587"}],"wp:term":[{"taxonomy":"category","embeddable":true,"href":"https:\/\/www.feuerwehr-rederzhausen.de\/index.php\/wp-json\/wp\/v2\/categories?post=1587"},{"taxonomy":"post_tag","embeddable":true,"href":"https:\/\/www.feuerwehr-rederzhausen.de\/index.php\/wp-json\/wp\/v2\/tags?post=1587"}],"curies":[{"name":"wp","href":"https:\/\/api.w.org\/{rel}","templated":true}]}}