{"id":1345,"date":"2018-04-30T12:40:13","date_gmt":"2018-04-30T10:40:13","guid":{"rendered":"http:\/\/grisu\/wordpress_ffw\/?p=1345"},"modified":"2020-01-27T18:48:05","modified_gmt":"2020-01-27T17:48:05","slug":"vu","status":"publish","type":"post","link":"https:\/\/www.feuerwehr-rederzhausen.de\/index.php\/2018\/04\/30\/vu\/","title":{"rendered":"VU"},"content":{"rendered":"\n<p>An der Hauptstra\u00dfe in Rederzhausen kam es zu einem Zusammensto\u00df zwischen zwei PKW, als einer der beiden Fahrer abbiegen wollte. Zum Gl\u00fccl blieb es bei einem Blechschaden ohne Verletzte. <\/p>\n","protected":false},"excerpt":{"rendered":"<p>An der Hauptstra\u00dfe in Rederzhausen kam es zu einem Zusammensto\u00df zwischen zwei PKW, als einer der beiden Fahrer abbiegen wollte. Zum Gl\u00fccl blieb es bei einem Blechschaden ohne Verletzte.<\/p>\n","protected":false},"author":1,"featured_media":1352,"comment_status":"closed","ping_status":"open","sticky":false,"template":"","format":"standard","meta":{"advgb_blocks_editor_width":"","advgb_blocks_columns_visual_guide":"","footnotes":""},"categories":[3],"tags":[],"class_list":["post-1345","post","type-post","status-publish","format-standard","has-post-thumbnail","hentry","category-einsaetze"],"author_meta":{"display_name":"ffw_admin","author_link":"https:\/\/www.feuerwehr-rederzhausen.de\/index.php\/author\/ffw_admin\/"},"featured_img":"https:\/\/www.feuerwehr-rederzhausen.de\/wp-content\/uploads\/Logos\/retten_bergen-300x300.png","coauthors":[],"tax_additional":{"categories":{"linked":["<a href=\"https:\/\/www.feuerwehr-rederzhausen.de\/index.php\/category\/einsaetze\/\" class=\"advgb-post-tax-term\">Eins\u00e4tze<\/a>"],"unlinked":["<span class=\"advgb-post-tax-term\">Eins\u00e4tze<\/span>"]}},"comment_count":"0","relative_dates":{"created":"Ver\u00f6ffentlicht 8\u00a0Jahren vor","modified":"Aktualisiert 6\u00a0Jahren vor"},"absolute_dates":{"created":"Ver\u00f6ffentlicht am 30. April 2018","modified":"Aktualisiert am 27. Januar 2020"},"absolute_dates_time":{"created":"Ver\u00f6ffentlicht am 30. April 2018 12:40","modified":"Aktualisiert am 27. Januar 2020 18:48"},"featured_img_caption":"","series_order":"","_links":{"self":[{"href":"https:\/\/www.feuerwehr-rederzhausen.de\/index.php\/wp-json\/wp\/v2\/posts\/1345","targetHints":{"allow":["GET"]}}],"collection":[{"href":"https:\/\/www.feuerwehr-rederzhausen.de\/index.php\/wp-json\/wp\/v2\/posts"}],"about":[{"href":"https:\/\/www.feuerwehr-rederzhausen.de\/index.php\/wp-json\/wp\/v2\/types\/post"}],"author":[{"embeddable":true,"href":"https:\/\/www.feuerwehr-rederzhausen.de\/index.php\/wp-json\/wp\/v2\/users\/1"}],"replies":[{"embeddable":true,"href":"https:\/\/www.feuerwehr-rederzhausen.de\/index.php\/wp-json\/wp\/v2\/comments?post=1345"}],"version-history":[{"count":1,"href":"https:\/\/www.feuerwehr-rederzhausen.de\/index.php\/wp-json\/wp\/v2\/posts\/1345\/revisions"}],"predecessor-version":[{"id":1346,"href":"https:\/\/www.feuerwehr-rederzhausen.de\/index.php\/wp-json\/wp\/v2\/posts\/1345\/revisions\/1346"}],"wp:featuredmedia":[{"embeddable":true,"href":"https:\/\/www.feuerwehr-rederzhausen.de\/index.php\/wp-json\/wp\/v2\/media\/1352"}],"wp:attachment":[{"href":"https:\/\/www.feuerwehr-rederzhausen.de\/index.php\/wp-json\/wp\/v2\/media?parent=1345"}],"wp:term":[{"taxonomy":"category","embeddable":true,"href":"https:\/\/www.feuerwehr-rederzhausen.de\/index.php\/wp-json\/wp\/v2\/categories?post=1345"},{"taxonomy":"post_tag","embeddable":true,"href":"https:\/\/www.feuerwehr-rederzhausen.de\/index.php\/wp-json\/wp\/v2\/tags?post=1345"}],"curies":[{"name":"wp","href":"https:\/\/api.w.org\/{rel}","templated":true}]}}